[{"@context":"https:\/\/schema.org\/","@type":"Article","@id":"https:\/\/www.rtcom.cz\/krasne-ucesy-kluku-a-panu\/#Article","mainEntityOfPage":"https:\/\/www.rtcom.cz\/krasne-ucesy-kluku-a-panu\/","headline":"Kr\u00e1sn\u00e9 \u00fa\u010desy kluk\u016f a p\u00e1n\u016f","name":"Kr\u00e1sn\u00e9 \u00fa\u010desy kluk\u016f a p\u00e1n\u016f","description":"V dne\u0161n\u00ed dob\u011b se opravdu rozrostlo to, \u017ee p\u00e1nov\u00e9 maj\u00ed sv\u00e9 speci\u00e1ln\u00ed kade\u0159n\u00edky. Nebo tak\u00e9 barber shopy. A jsou to opravdu takov\u00e1 kade\u0159nictv\u00ed, kter\u00e1 se&hellip;","datePublished":"2025-04-13","dateModified":"2025-04-13","author":{"@type":"Person","@id":"https:\/\/www.rtcom.cz\/author\/#Person","name":"","url":"https:\/\/www.rtcom.cz\/author\/","identifier":1,"image":{"@type":"ImageObject","@id":"https:\/\/secure.gravatar.com\/avatar\/1aa4d33840e2afc29128e2a456d425ca0d17b173c888af2db652b1d34fe6f93d?s=96&d=mm&r=g","url":"https:\/\/secure.gravatar.com\/avatar\/1aa4d33840e2afc29128e2a456d425ca0d17b173c888af2db652b1d34fe6f93d?s=96&d=mm&r=g","height":96,"width":96}},"publisher":{"@type":"Organization","name":"rtcom.cz","logo":{"@type":"ImageObject","@id":"\/logo.png","url":"\/logo.png","width":600,"height":60}},"image":{"@type":"ImageObject","@id":"https:\/\/www.rtcom.cz\/wp-content\/uploads\/holi%C4%8D_1.jpg","url":"https:\/\/www.rtcom.cz\/wp-content\/uploads\/holi%C4%8D_1.jpg","height":0,"width":0},"url":"https:\/\/www.rtcom.cz\/krasne-ucesy-kluku-a-panu\/","about":["Podnik\u00e1n\u00ed"],"wordCount":465,"articleBody":"         V dne\u0161n\u00ed dob\u011b se opravdu rozrostlo to, \u017ee p\u00e1nov\u00e9 maj\u00ed sv\u00e9 speci\u00e1ln\u00ed kade\u0159n\u00edky. Nebo tak\u00e9 barber shopy. A jsou to opravdu takov\u00e1 kade\u0159nictv\u00ed, kter\u00e1 se zam\u011b\u0159uj\u00ed hlavn\u011b na p\u00e1ny, jak na mal\u00e9, tak tak\u00e9 na dosp\u011bl\u00e9 p\u00e1ny. J\u00e1 m\u00e1m toti\u017e dev\u00edtilet\u00e9ho syna a u\u017e i ten moc r\u00e1d chod\u00ed ke kade\u0159nici, tak\u00e9 chod\u00ed do barbershopu. A proto\u017ee bydl\u00edme v Brn\u011b, tak jsme si v Brn\u011b na\u0161li opravdu kvalitn\u00ed p\u00e1nsk\u00e9 brn\u011bnsk\u00e9 kade\u0159nictv\u00ed, kde se n\u00e1m opravdu hodn\u011b l\u00edb\u00ed. P\u00e1nsk\u00e9 kade\u0159nictv\u00ed v Brn\u011b https:\/\/charlieshair.cz\/cz\/panske-kadernictvi\/ je velmi stylov\u00e9. Kdy\u017e jsem ve\u0161la do p\u00e1nsk\u00e9ho kade\u0159nick\u00e9ho studia v Brn\u011b, tak jsem byla opravdu mile p\u0159ekvapen\u00e1. V\u0161ude to kr\u00e1sn\u011b von\u011blo a v\u0161ude okolo byly tak\u00e9 fotografie a dal\u0161\u00ed obr\u00e1zky takov\u00e9, kde byly r\u016fzn\u00e9 st\u0159ihy a podobn\u011b. V\u00e1m tam tak\u00e9 mohli nab\u00eddnout nap\u0159\u00edklad k\u00e1vu nebo \u010daj a tak\u00e9 r\u016fzn\u00e9 vlasov\u00e9 p\u0159\u00edpravky. M\u00e1m dev\u00edtilet\u00e9ho syna, jak jsem ji\u017e zm\u00ednila, ale u\u017e i on si moc r\u00e1d d\u011bl\u00e1 r\u016fzn\u00e9 \u00fa\u010desy. Moc se mu l\u00edb\u00ed, kdy\u017e m\u00e1 na hlav\u011b je\u017eka anebo tak\u00e9 mel\u00edry, t\u0159eba zbytek m\u00e9 rodiny \u0159\u00edk\u00e1, \u017ee bych je\u0161t\u011b takhle mal\u00e9mu d\u00edt\u011bti v\u016fbec nem\u011bla nechat barvit vlasy, ale kdy\u017e on cht\u011bl \u010derven\u00e9 a blon\u010fat\u00e9 mel\u00edry, tak jsem nemohla odolat. M\u016fj syn toti\u017e st\u00e1le p\u0159em\u00fd\u0161lel, jak na to, abych mu to dovolila.A tak, kdy\u017e m\u011bl potom syn narozeniny a byl opravdu hodn\u00fd a sna\u017eil se, tak jsem si \u0159ekla, \u017ee bych mu ty mel\u00edry v barv\u011b \u010derven\u00e9 a blon\u010fat\u00e9 dovolila. Nevid\u00edm na tom v\u016fbec nic \u0161patn\u00e9ho. Nebo jak to vn\u00edm\u00e1te vy? Co si mysl\u00edte o tom, \u017ee t\u0159eba mal\u00e9 d\u011bti, kter\u00fdm nebylo ani patn\u00e1ct let, \u017ee u\u017e maj\u00ed man\u00fdry anebo r\u016fzn\u00e9 extravagantn\u00ed st\u0159ihy? \u017de takhle mal\u00e9 d\u011bti chod\u00ed do barber shopu anebo tak\u00e9 do kade\u0159nictv\u00ed. J\u00e1 na to mu v\u016fbec nevid\u00edm nic \u0161patn\u00e9ho, v\u017edy\u0165 je to p\u0159eci jenom barva anebo n\u011bjak\u00fd speci\u00e1ln\u00ed, divok\u00fd a bl\u00e1zniv\u00fd st\u0159ih vlas\u016f, kdy vlasy vlastn\u011b v\u017edycky dorostou. N\u011bco jin\u00e9ho je t\u0159eba, kdy\u017e je to mal\u00e1 hol\u010di\u010dka a cht\u011bla by m\u00edt opravdu kr\u00e1tk\u00e9 vlasy. Tohle bych sv\u00e9 dce\u0159i asi nikdy nedovolila. Na hol\u010di\u010dk\u00e1ch se mi l\u00edb\u00ed opravdu dlouh\u00e9 vlasy, ale na chlape\u010dc\u00edch m\u00e1m r\u00e1da zase kr\u00e1tk\u00e9 extravagantn\u00ed \u00fa\u010desy.                                                                                                                                                                                                                                                                                                                                                                                           3\/5 - (3 votes)        "},{"@context":"https:\/\/schema.org\/","@type":"BreadcrumbList","itemListElement":[{"@type":"ListItem","position":1,"name":"Kr\u00e1sn\u00e9 \u00fa\u010desy kluk\u016f a p\u00e1n\u016f","item":"https:\/\/www.rtcom.cz\/krasne-ucesy-kluku-a-panu\/#breadcrumbitem"}]}]