[{"@context":"https:\/\/schema.org\/","@type":"Article","@id":"https:\/\/www.rtcom.cz\/nechte-si-radeji-s-upravami-interieru-poradit\/#Article","mainEntityOfPage":"https:\/\/www.rtcom.cz\/nechte-si-radeji-s-upravami-interieru-poradit\/","headline":"Nechte si rad\u011bji s \u00fapravami interi\u00e9ru poradit","name":"Nechte si rad\u011bji s \u00fapravami interi\u00e9ru poradit","description":"I kdy\u017e si \u017eivot m\u016f\u017eete napl\u00e1novat, jakkoli chcete, p\u0159esto V\u00e1m p\u0159inese n\u011bco neo\u010dek\u00e1van\u00e9ho. V\u011bt\u0161inou jsou to r\u00e1ny pod p\u00e1s, kdy\u017e to nejm\u00e9n\u011b \u010dek\u00e1te. Ale Vy&hellip;","datePublished":"2019-04-04","dateModified":"2023-05-02","author":{"@type":"Person","@id":"https:\/\/www.rtcom.cz\/author\/#Person","name":"","url":"https:\/\/www.rtcom.cz\/author\/","identifier":1,"image":{"@type":"ImageObject","@id":"https:\/\/secure.gravatar.com\/avatar\/1aa4d33840e2afc29128e2a456d425ca0d17b173c888af2db652b1d34fe6f93d?s=96&d=mm&r=g","url":"https:\/\/secure.gravatar.com\/avatar\/1aa4d33840e2afc29128e2a456d425ca0d17b173c888af2db652b1d34fe6f93d?s=96&d=mm&r=g","height":96,"width":96}},"publisher":{"@type":"Organization","name":"rtcom.cz","logo":{"@type":"ImageObject","@id":"\/logo.png","url":"\/logo.png","width":600,"height":60}},"image":{"@type":"ImageObject","@id":"https:\/\/www.rtcom.cz\/wp-content\/uploads\/img_a344232_w1711_t1557816979.jpg","url":"https:\/\/www.rtcom.cz\/wp-content\/uploads\/img_a344232_w1711_t1557816979.jpg","height":0,"width":0},"url":"https:\/\/www.rtcom.cz\/nechte-si-radeji-s-upravami-interieru-poradit\/","about":["N\u00e1kupy"],"wordCount":448,"articleBody":"         I kdy\u017e si \u017eivot m\u016f\u017eete napl\u00e1novat, jakkoli chcete, p\u0159esto V\u00e1m p\u0159inese n\u011bco neo\u010dek\u00e1van\u00e9ho. V\u011bt\u0161inou jsou to r\u00e1ny pod p\u00e1s, kdy\u017e to nejm\u00e9n\u011b \u010dek\u00e1te. Ale Vy se tomu poddat nesm\u00edte. V\u00e1\u0161 \u017eivot m\u016f\u017ee zm\u011bnit nemoc, \u00faraz, nebo n\u011bco obdobn\u00e9ho. Tak to je. A mo\u017en\u00e1 jste to pr\u00e1v\u011b Vy, kte\u0159\u00ed mus\u00ed pr\u00e1v\u011b te\u010f uzp\u016fsobit sv\u00e9 \u017eivotn\u00ed pl\u00e1ny jin\u00fdm sm\u011brem.Za\u010dn\u011bte od dom\u00e1c\u00edho prost\u0159ed\u00ed. A\u0165 se zm\u011bna \u017eivotn\u00edch pl\u00e1n\u016f t\u00fdk\u00e1 bezprost\u0159edn\u011b Va\u0161\u00ed osoby, nebo osoby V\u00e1m bl\u00edzk\u00e9, v prvn\u00ed \u0159ad\u011b mus\u00edte zm\u011bnit \u017eivotn\u00ed podm\u00ednky \u010dlov\u011bka sti\u017een\u00e9ho n\u011bjak\u00fdm zdravotn\u00edm karambolem.Nemus\u00edte st\u00e1t p\u0159ed ne\u0159e\u0161iteln\u00fdm probl\u00e9mem, proto\u017ee interi\u00e9rov\u00fd architekt V\u00e1m v takov\u00e9 chv\u00edli bude nejv\u00edce n\u00e1pomocen. Pom\u016f\u017ee V\u00e1m s uspo\u0159\u00e1d\u00e1n\u00edm prostoru k bydlen\u00ed s jak\u00fdmkoliv handicapem. Samoz\u0159ejm\u011b, \u017ee si m\u016f\u017eete sami nov\u00fd interi\u00e9r pro bydlen\u00ed vymyslet a zrealizovat. Ale jste k tomu dostate\u010dn\u011b teoreticky p\u0159ipraven\u00fd?  Dok\u00e1\u017eete si p\u0159edstavit, co takov\u00fd \u010dlov\u011bk se zdravotn\u00edm handicapem k \u017eivotu pot\u0159ebuje? \u017d\u00e1dn\u00e9 prahy, \u0161irok\u00e9 vchody do m\u00edstnost\u00ed, sn\u00ed\u017een\u00fd pracovn\u00ed prostor v kuchyni. A co je\u0161t\u011b? Co pot\u0159ebuje takov\u00fd \u010dlov\u011bk k samostatn\u00e9mu \u017eivotu, aby se nec\u00edtil odk\u00e1z\u00e1n na pomoc druh\u00fdch? V\u00edte to? M\u00e1te-li na srdci opravdu snahu zajistit sob\u011bsta\u010dnost  https:\/\/zpravy.aktualne.cz\/ekonomika\/sobestacnost-ceska-v-potravinach-klesa-zastavme-to-vyzyva-mi\/r~5fe3107a7be811e5b440002590604f2e\/ \u010dlov\u011bka upoutan\u00e9ho t\u0159eba na voz\u00edk, rozhodn\u011b oslovte interi\u00e9rov\u00e9ho architekta. Spolu s n\u00edm zvl\u00e1dnete p\u0159ipravit dokonal\u00fd domov. I kdy\u017e se V\u00e1m to zd\u00e1 m\u00e1lo, co m\u016f\u017eete pro sv\u00e9ho bl\u00edzk\u00e9ho \u010dlov\u011bka v takov\u00e9 traumatizuj\u00edc\u00ed \u017eivotn\u00ed pozici ud\u011blat, v\u011b\u0159te, \u017ee opak je pravdou. Zajist\u00edte podm\u00ednky k \u017eivotu a potom se zam\u011b\u0159\u00edte na v\u0161echno ostatn\u00ed. Na to, aby se takov\u00fd \u010dlov\u011bk c\u00edtil pot\u0159ebn\u00fd, nez\u00e1visl\u00fd a svobodn\u00fd. S t\u00edm u\u017e V\u00e1m pomohou zase dal\u0161\u00ed instituce k tomu ur\u010den\u00e9. Ale V\u00e1\u0161 prvo\u0159ad\u00fd \u00fakol je vybudovat dom\u00e1c\u00ed prost\u0159ed\u00ed, ve kter\u00e9m se budete v\u0161ichni c\u00edtit p\u0159\u00edjemn\u011b.\u0160ikovn\u00fd interi\u00e9rov\u00fd architekt dok\u00e1\u017ee praktickou str\u00e1nku bydlen\u00ed dokonale spojit s p\u0159\u00edjemn\u00fdm a modern\u00edm bytov\u00fdm designem, ve kter\u00e9m nebude zn\u00e1t sebemen\u0161\u00ed stopa po nutn\u00fdch \u00faprav\u00e1ch interi\u00e9ru.                                                                                                                                                                                                                                                                                                                                                                                          3.8\/5 - (9 votes)        "},{"@context":"https:\/\/schema.org\/","@type":"BreadcrumbList","itemListElement":[{"@type":"ListItem","position":1,"name":"Nechte si rad\u011bji s \u00fapravami interi\u00e9ru poradit","item":"https:\/\/www.rtcom.cz\/nechte-si-radeji-s-upravami-interieru-poradit\/#breadcrumbitem"}]}]